{"id":2261,"date":"2021-05-21T10:01:15","date_gmt":"2021-05-21T08:01:15","guid":{"rendered":"http:\/\/www.coraggio.it\/?p=2261"},"modified":"2021-09-03T22:00:57","modified_gmt":"2021-09-03T20:00:57","slug":"the-world-will-change-presented-at-the-vaf-festival-20-21-iii-edition","status":"publish","type":"post","link":"https:\/\/www.coraggio.it\/?p=2261","title":{"rendered":"THE WORLD WILL CHANGE PRESENTED AT THE VAF FILM FESTIVAL 20\/21 III EDITION"},"content":{"rendered":"<div class=\"page_counter_label\"><span class=\"page_counter_text\" style=\"color:#000000;background:#FFFFFF;\">Total Page Visits: 2029<\/span><\/div>\n\n\n<figure class=\"wp-block-image\"><a href=\"http:\/\/www.coraggio.it\/wp-content\/uploads\/2021\/05\/VAF_2021_Teatro_Municipal_Jorge_Eli\u00e9cer_Gait\u00e1n_Bogot\u00e1-Colombia.jpg\" target=\"_blank\" rel=\"noreferrer noopener\"><img loading=\"lazy\" width=\"1024\" height=\"824\" src=\"http:\/\/www.coraggio.it\/wp-content\/uploads\/2021\/05\/VAF_2021_Teatro_Municipal_Jorge_Eli\u00e9cer_Gait\u00e1n_Bogot\u00e1-Colombia-1024x824.jpg\" alt=\"THE WORLD WILL CHANGE, selected for the VAF Festival 20\/21 III edition Teatro Municipal Jorge Eli\u00e9cer Gait\u00e1n, Bogot\u00e1, Colombia. Domingo 30 Mayo \u2013 3:00 p. m.\" class=\"wp-image-2260\" srcset=\"https:\/\/www.coraggio.it\/wp-content\/uploads\/2021\/05\/VAF_2021_Teatro_Municipal_Jorge_Eli\u00e9cer_Gait\u00e1n_Bogot\u00e1-Colombia-1024x824.jpg 1024w, https:\/\/www.coraggio.it\/wp-content\/uploads\/2021\/05\/VAF_2021_Teatro_Municipal_Jorge_Eli\u00e9cer_Gait\u00e1n_Bogot\u00e1-Colombia-300x241.jpg 300w, https:\/\/www.coraggio.it\/wp-content\/uploads\/2021\/05\/VAF_2021_Teatro_Municipal_Jorge_Eli\u00e9cer_Gait\u00e1n_Bogot\u00e1-Colombia-768x618.jpg 768w, https:\/\/www.coraggio.it\/wp-content\/uploads\/2021\/05\/VAF_2021_Teatro_Municipal_Jorge_Eli\u00e9cer_Gait\u00e1n_Bogot\u00e1-Colombia-373x300.jpg 373w, https:\/\/www.coraggio.it\/wp-content\/uploads\/2021\/05\/VAF_2021_Teatro_Municipal_Jorge_Eli\u00e9cer_Gait\u00e1n_Bogot\u00e1-Colombia.jpg 1750w\" sizes=\"(max-width: 1024px) 100vw, 1024px\" \/><\/a><figcaption><strong>THE WORLD WILL CHANGE<\/strong> at the <strong>VAF Film Festival 20\/21 III edition<\/strong> <br \/><strong>Screened on May 30th at 3 p.m<\/strong>. at&nbsp;<strong>Teatro Municipal Jorge Eli\u00e9cer Gait\u00e1n, Bogot\u00e1, Colombia<\/strong>. <\/figcaption><\/figure>\n\n\n\n<p><\/p>\n\n\n\n<p><strong><a rel=\"noreferrer noopener\" aria-label=\"THE WORLD WILL CHANGE (si apre in una nuova scheda)\" href=\"https:\/\/vimeo.com\/307313524\" target=\"_blank\">THE WORLD WILL CHANGE<\/a><\/strong> by <strong>Marco Coraggio<\/strong>, selected for the <strong><a rel=\"noreferrer noopener\" aria-label=\"VAF Festival 20\/21 III edition (si apre in una nuova scheda)\" href=\"https:\/\/vafaenza.com\/\" target=\"_blank\">VAF Film Festival 20\/21 III edition<\/a><\/strong> will be<strong> Screened on May 30th at 3 p.m<\/strong>. at <strong><a rel=\"noreferrer noopener\" aria-label=\"Teatro Municipal Jorge Eli\u00e9cer Gait\u00e1n, Bogot\u00e1, Colombia (si apre in una nuova scheda)\" href=\"https:\/\/www.idartes.gov.co\/es\/teatro-jorge-eliecer-gaitan\" target=\"_blank\">Teatro Municipal Jorge Eli\u00e9cer Gait\u00e1n, Bogot\u00e1, Colombia<\/a><\/strong>.<br \/>Cronograma de proyecci\u00f3n en la Sala Gait\u00e1n Carrera 7 No. 22 &#8211; 47 <br \/>Domingo 30 Mayo &#8211; 3:00 p. m.<br \/><a rel=\"noreferrer noopener\" aria-label=\"Sesi\u00f3n de video: Animal\n1 : Marco Coraggio - THE WORLD WILL CHANGE (si apre in una nuova scheda)\" href=\"https:\/\/vafaenza.com\/Animal\" target=\"_blank\">Sesi\u00f3n de video: <\/a><strong><em><a rel=\"noreferrer noopener\" aria-label=\"Sesi\u00f3n de video: Animal\n1 : Marco Coraggio - THE WORLD WILL CHANGE (si apre in una nuova scheda)\" href=\"https:\/\/vafaenza.com\/Animal\" target=\"_blank\">Animal<\/a><\/em><\/strong> : <em><a rel=\"noreferrer noopener\" aria-label=\"Sesi\u00f3n de video: Animal\n1 : Marco Coraggio - THE WORLD WILL CHANGE (si apre in una nuova scheda)\" href=\"https:\/\/vafaenza.com\/Animal\" target=\"_blank\"><strong>1) Marco Coraggio &#8211; THE WORLD WILL CHANGE<\/strong><\/a><\/em><br \/><a rel=\"noreferrer noopener\" aria-label=\" (si apre in una nuova scheda)\" href=\"https:\/\/www.facebook.com\/vafaenza?__cft__[0]=AZXYpbuTVHCqaOJGwIMh-NSfCFaO3XjK6pF3sQwrZs2tX91zdKJ0bEWdwdeyTT_Ei49cFhPkEj79SIZZlaNPv9KqaXm26ZuqjSnqECydubCP_UWDNwlyI0HqJs6gZ_qMJ9b97K_sjwap2nXhIzRxzkrhkg-OVT9Vsu0ql6hGLtVoG86iFs2yxmOIUs02wtjOCXM&amp;__tn__=-]K-R\" target=\"_blank\">Video Arte Faenza FB page<\/a> <br \/><a rel=\"noreferrer noopener\" aria-label=\" (si apre in una nuova scheda)\" href=\"https:\/\/www.facebook.com\/hashtag\/vafaenza?__eep__=6&amp;__cft__[0]=AZXYpbuTVHCqaOJGwIMh-NSfCFaO3XjK6pF3sQwrZs2tX91zdKJ0bEWdwdeyTT_Ei49cFhPkEj79SIZZlaNPv9KqaXm26ZuqjSnqECydubCP_UWDNwlyI0HqJs6gZ_qMJ9b97K_sjwap2nXhIzRxzkrhkg-OVT9Vsu0ql6hGLtVoG86iFs2yxmOIUs02wtjOCXM&amp;__tn__=*NK-R\" target=\"_blank\">#vafaenza<\/a> <a rel=\"noreferrer noopener\" aria-label=\" (si apre in una nuova scheda)\" href=\"https:\/\/www.facebook.com\/hashtag\/videoart?__eep__=6&amp;__cft__[0]=AZXYpbuTVHCqaOJGwIMh-NSfCFaO3XjK6pF3sQwrZs2tX91zdKJ0bEWdwdeyTT_Ei49cFhPkEj79SIZZlaNPv9KqaXm26ZuqjSnqECydubCP_UWDNwlyI0HqJs6gZ_qMJ9b97K_sjwap2nXhIzRxzkrhkg-OVT9Vsu0ql6hGLtVoG86iFs2yxmOIUs02wtjOCXM&amp;__tn__=*NK-R\" target=\"_blank\">#videoart<\/a> <a rel=\"noreferrer noopener\" aria-label=\" (si apre in una nuova scheda)\" href=\"https:\/\/www.facebook.com\/hashtag\/festival?__eep__=6&amp;__cft__[0]=AZXYpbuTVHCqaOJGwIMh-NSfCFaO3XjK6pF3sQwrZs2tX91zdKJ0bEWdwdeyTT_Ei49cFhPkEj79SIZZlaNPv9KqaXm26ZuqjSnqECydubCP_UWDNwlyI0HqJs6gZ_qMJ9b97K_sjwap2nXhIzRxzkrhkg-OVT9Vsu0ql6hGLtVoG86iFs2yxmOIUs02wtjOCXM&amp;__tn__=*NK-R\" target=\"_blank\">#festival<\/a><\/p>\n ","protected":false},"excerpt":{"rendered":"<p>THE WORLD WILL CHANGE by Marco Coraggio, selected for the VAF Film Festival 20\/21 III edition will be Screened on May 30th at 3 p.m. at Teatro Municipal Jorge Eli\u00e9cer Gait\u00e1n, Bogot\u00e1, Colombia.Cronograma de proyecci\u00f3n en la Sala Gait\u00e1n Carrera &hellip; <a href=\"https:\/\/www.coraggio.it\/?p=2261\">Continua a leggere<span class=\"meta-nav\">&rarr;<\/span><\/a><\/p>\n","protected":false},"author":1,"featured_media":0,"comment_status":"open","ping_status":"open","sticky":false,"template":"","format":"standard","meta":[],"categories":[1],"tags":[],"_links":{"self":[{"href":"https:\/\/www.coraggio.it\/index.php?rest_route=\/wp\/v2\/posts\/2261"}],"collection":[{"href":"https:\/\/www.coraggio.it\/index.php?rest_route=\/wp\/v2\/posts"}],"about":[{"href":"https:\/\/www.coraggio.it\/index.php?rest_route=\/wp\/v2\/types\/post"}],"author":[{"embeddable":true,"href":"https:\/\/www.coraggio.it\/index.php?rest_route=\/wp\/v2\/users\/1"}],"replies":[{"embeddable":true,"href":"https:\/\/www.coraggio.it\/index.php?rest_route=%2Fwp%2Fv2%2Fcomments&post=2261"}],"version-history":[{"count":14,"href":"https:\/\/www.coraggio.it\/index.php?rest_route=\/wp\/v2\/posts\/2261\/revisions"}],"predecessor-version":[{"id":2354,"href":"https:\/\/www.coraggio.it\/index.php?rest_route=\/wp\/v2\/posts\/2261\/revisions\/2354"}],"wp:attachment":[{"href":"https:\/\/www.coraggio.it\/index.php?rest_route=%2Fwp%2Fv2%2Fmedia&parent=2261"}],"wp:term":[{"taxonomy":"category","embeddable":true,"href":"https:\/\/www.coraggio.it\/index.php?rest_route=%2Fwp%2Fv2%2Fcategories&post=2261"},{"taxonomy":"post_tag","embeddable":true,"href":"https:\/\/www.coraggio.it\/index.php?rest_route=%2Fwp%2Fv2%2Ftags&post=2261"}],"curies":[{"name":"wp","href":"https:\/\/api.w.org\/{rel}","templated":true}]}}