{"id":1769,"date":"2017-12-04T18:56:02","date_gmt":"2017-12-04T17:56:02","guid":{"rendered":"http:\/\/www.coraggio.it\/?p=1769"},"modified":"2017-12-04T19:11:49","modified_gmt":"2017-12-04T18:11:49","slug":"exibart-arte-design-accessibilita-in-soprintendenza-presentazione-dei-video-di-marco-coraggio-acquistati-dal-mibact-nel-2014","status":"publish","type":"post","link":"https:\/\/www.coraggio.it\/?p=1769","title":{"rendered":"EXIBART | ARTE DESIGN ACCESSIBILIT\u00c0 IN SOPRINTENDENZA _ PRESENTAZIONE DEI VIDEO DI MARCO CORAGGIO ACQUISTATI DAL MIBACT NEL 2014"},"content":{"rendered":"<p><div class=\"page_counter_label\"><span class=\"page_counter_text\" style=\"color:#000000;background:#FFFFFF;\">Total Page Visits: 2408<\/span><\/div><a href=\"http:\/\/www.exibart.com\/profilo\/eventiV2.asp?idelemento=173061\" target=\"_blank\" rel=\"noopener\"><img loading=\"lazy\" class=\"size-full wp-image-1774 alignnone\" src=\"http:\/\/www.coraggio.it\/wp-content\/uploads\/2017\/12\/MiBACT_locandina.jpg\" alt=\"\" width=\"584\" height=\"375\" srcset=\"https:\/\/www.coraggio.it\/wp-content\/uploads\/2017\/12\/MiBACT_locandina.jpg 584w, https:\/\/www.coraggio.it\/wp-content\/uploads\/2017\/12\/MiBACT_locandina-300x193.jpg 300w, https:\/\/www.coraggio.it\/wp-content\/uploads\/2017\/12\/MiBACT_locandina-467x300.jpg 467w\" sizes=\"(max-width: 584px) 100vw, 584px\" \/><\/a><br \/>\nOggi su Exibart la notizia dell&#8217;evento &#8220;<a href=\"http:\/\/www.exibart.com\/profilo\/eventiV2.asp?idelemento=173061\" target=\"_blank\" rel=\"noopener\">Arte design accessibilit\u00e0 in Soprintendenza<\/a>&#8220;, che si terr\u00e0 gioved\u00ec 7 dicembre, presso la sede della Soprintendenza a via Tasso, in cui verranno presentati i miei video e quelli del valentissimo Giuseppe De Marco, inoltre la fantastica chaise longue di Diego Granese, il tutto acquistato dal MiBACT nel 2014.<br \/>\nL&#8217;evento \u00e8 promosso dalla <a href=\"http:\/\/ambientesa.beniculturali.it\/BAP\/?q=notizie&amp;ID=554\" target=\"_blank\" rel=\"noopener\">Soprintendenza archeologia belle arti e paesaggio di Salerno e Avellino<\/a>.<\/p>\n ","protected":false},"excerpt":{"rendered":"<p>Oggi su Exibart la notizia dell&#8217;evento &#8220;Arte design accessibilit\u00e0 in Soprintendenza&#8220;, che si terr\u00e0 gioved\u00ec 7 dicembre, presso la sede della Soprintendenza a via Tasso, in cui verranno presentati i miei video e quelli del valentissimo Giuseppe De Marco, inoltre &hellip; <a href=\"https:\/\/www.coraggio.it\/?p=1769\">Continua a leggere<span class=\"meta-nav\">&rarr;<\/span><\/a><\/p>\n","protected":false},"author":1,"featured_media":0,"comment_status":"open","ping_status":"open","sticky":false,"template":"","format":"standard","meta":[],"categories":[1],"tags":[],"_links":{"self":[{"href":"https:\/\/www.coraggio.it\/index.php?rest_route=\/wp\/v2\/posts\/1769"}],"collection":[{"href":"https:\/\/www.coraggio.it\/index.php?rest_route=\/wp\/v2\/posts"}],"about":[{"href":"https:\/\/www.coraggio.it\/index.php?rest_route=\/wp\/v2\/types\/post"}],"author":[{"embeddable":true,"href":"https:\/\/www.coraggio.it\/index.php?rest_route=\/wp\/v2\/users\/1"}],"replies":[{"embeddable":true,"href":"https:\/\/www.coraggio.it\/index.php?rest_route=%2Fwp%2Fv2%2Fcomments&post=1769"}],"version-history":[{"count":9,"href":"https:\/\/www.coraggio.it\/index.php?rest_route=\/wp\/v2\/posts\/1769\/revisions"}],"predecessor-version":[{"id":1779,"href":"https:\/\/www.coraggio.it\/index.php?rest_route=\/wp\/v2\/posts\/1769\/revisions\/1779"}],"wp:attachment":[{"href":"https:\/\/www.coraggio.it\/index.php?rest_route=%2Fwp%2Fv2%2Fmedia&parent=1769"}],"wp:term":[{"taxonomy":"category","embeddable":true,"href":"https:\/\/www.coraggio.it\/index.php?rest_route=%2Fwp%2Fv2%2Fcategories&post=1769"},{"taxonomy":"post_tag","embeddable":true,"href":"https:\/\/www.coraggio.it\/index.php?rest_route=%2Fwp%2Fv2%2Ftags&post=1769"}],"curies":[{"name":"wp","href":"https:\/\/api.w.org\/{rel}","templated":true}]}}